[{"@context":"https:\/\/schema.org\/","@type":"Article","@id":"https:\/\/www.minasgerais.cz\/bundy-na-jaro-podzim-i-do-zimy\/#Article","mainEntityOfPage":"https:\/\/www.minasgerais.cz\/bundy-na-jaro-podzim-i-do-zimy\/","headline":"Bundy na jaro, podzim i do zimy","name":"Bundy na jaro, podzim i do zimy","description":"Zima l\u00e1k\u00e1 sportovce, ale i ostatn\u00ed nad\u0161ence zimn\u00edch radov\u00e1nek na svahy, na ly\u017ee, snowboardy, b\u011b\u017eky, zimn\u00ed sk\u00fatry, boby, s\u00e1n\u011b a na mnoh\u00e9 dal\u0161\u00ed sportovn\u00ed aktivity, [&hellip;]","datePublished":"2020-08-10","dateModified":"2023-05-07","author":{"@type":"Person","@id":"https:\/\/www.minasgerais.cz\/author\/#Person","name":"","url":"https:\/\/www.minasgerais.cz\/author\/","identifier":1,"image":{"@type":"ImageObject","@id":"https:\/\/secure.gravatar.com\/avatar\/f3f77307dfb7a1a6ad06d8ef95ed6ed296a0507575d3814dc8c8630c3a7fa477?s=96&d=mm&r=g","url":"https:\/\/secure.gravatar.com\/avatar\/f3f77307dfb7a1a6ad06d8ef95ed6ed296a0507575d3814dc8c8630c3a7fa477?s=96&d=mm&r=g","height":96,"width":96}},"publisher":{"@type":"Organization","name":"minasgerais.cz","logo":{"@type":"ImageObject","@id":"\/logo.png","url":"\/logo.png","width":600,"height":60}},"image":{"@type":"ImageObject","@id":"https:\/\/www.minasgerais.cz\/wp-content\/uploads\/ly%C5%BEa%C5%99%20na%20svahu.jpeg","url":"https:\/\/www.minasgerais.cz\/wp-content\/uploads\/ly%C5%BEa%C5%99%20na%20svahu.jpeg","height":0,"width":0},"url":"https:\/\/www.minasgerais.cz\/bundy-na-jaro-podzim-i-do-zimy\/","about":["N\u00e1kupy"],"wordCount":388,"articleBody":"      Zima l\u00e1k\u00e1 sportovce, ale i ostatn\u00ed nad\u0161ence zimn\u00edch radov\u00e1nek na svahy, na ly\u017ee, snowboardy, b\u011b\u017eky, zimn\u00ed sk\u00fatry, boby, s\u00e1n\u011b a na mnoh\u00e9 dal\u0161\u00ed sportovn\u00ed aktivity, abychom se teple obl\u00e9kli a vyrazili si zasportovat nebo alespo\u0148 si dop\u0159\u00e1t trochu toho pohybu, kdy\u017e za okny kr\u00e1sn\u011b sn\u011b\u017e\u00ed, alespo\u0148 t\u0159eba formou proch\u00e1zky.Nem\u00e1te vhodn\u00e9 tepl\u00e9 oble\u010den\u00ed? V\u0161echno zachr\u00e1n\u00ed bunda craft.Bundy najdete v r\u016fzn\u00fdch verz\u00edch, existuje mnoho takzvan\u011b ten\u010d\u00edch, kter\u00e9 se hod\u00ed t\u0159eba na jaro nebo na podzim, kdy venku vl\u00e1dne nevl\u00eddn\u00e9 po\u010das\u00ed, je sychravo, pr\u0161\u00ed, teplota razantn\u011b kles\u00e1, ale je\u0161t\u011b nen\u00ed pod bodem mrazu. Dal\u0161\u00ed jsou samoz\u0159ejm\u011b bundy speci\u00e1ln\u011b pro\u0161it\u00e9 a zateplen\u00e9, aby byly po\u0159\u00e1dn\u00e9 tepl\u00e9, vhodn\u00e9 na sportov\u00e1n\u00ed a na svahy. P\u0159\u00edjemn\u011b se v nich pohybuje, jsou praktick\u00e9 a elastick\u00e9, ale z\u00e1rove\u0148 hodn\u011b zateplen\u00e9. P\u0159itom dok\u00e1\u017eou odv\u00e1d\u011bt teplo a jsou vyrobeny ze speci\u00e1ln\u00edch materi\u00e1l\u016f, abychom se v nich a\u017e tolik nezapotili. I kdy\u017e po n\u00e1ro\u010dn\u00e9m sportov\u00e1n\u00ed je ka\u017ed\u00e9mu jist\u011b jasn\u00e9, \u017ee se trochu zpotit mus\u00edme, alespo\u0148 v\u00edme, \u017ee jsme sportovali, bez toho by to ne\u0161lo.R\u016fzn\u00e9 barvy, velikosti, st\u0159ihy a verzeBundy najdete v nes\u010detn\u011b velikostech. Jak d\u00e1msk\u00e9 tak i p\u00e1nsk\u00e9 nebo d\u011btsk\u00e9 jsou v\u017edy dostupn\u00e9 a dokonce v kr\u00e1sn\u011b vylad\u011bn\u00fdch barvi\u010dk\u00e1ch. Modr\u00e9, \u017elut\u00e9, zelen\u00e9, hn\u011bd\u00e9, \u010derven\u00e9, b\u00edl\u00e9, \u010dern\u00e9, r\u016f\u017eov\u00e9, jednobarevn\u00e9, v\u00edcebarevn\u00e9 nebo s n\u00e1pisy, texty, r\u016fzn\u00fdmi obr\u00e1zky, odli\u0161n\u00fdmi designy, pruhovan\u00e9 a mnoh\u00e9 dal\u0161\u00ed.Sport bude z\u00e1bavaSportov\u00e1n\u00ed je v\u017edy p\u0159\u00edjemn\u00e1 v\u011bc. \u010clov\u011bk se mus\u00ed p\u0159ekonat, ale jakmile to dok\u00e1\u017ee, m\u00e1 z toho opravdu dobr\u00fd pocit. V\u017edy je k tomu pot\u0159eba, abychom v zimn\u00edm obdob\u00ed byli dob\u0159e a pat\u0159i\u010dn\u011b oble\u010den\u00ed, tak\u017ee nesm\u00edme zapom\u00ednat ani na dal\u0161\u00ed vybaven\u00ed jako je \u010depice, rukavice, \u0161\u00e1tky nebo \u0161\u00e1ly a podobn\u011b.Jakmile jsme pln\u011b vybaven\u00ed, sportov\u00e1n\u00ed p\u016fjde snadno a hrav\u011b a m\u016f\u017eeme se p\u0159itom i n\u00e1ramn\u011b dob\u0159e pobavit. Obzvl\u00e1\u0161t\u011b na svahu t\u0159eba s p\u0159\u00e1teli.                                                                                                                                                                                                                                                                                                                                                                                          5\/5 - (1 vote)        "},{"@context":"https:\/\/schema.org\/","@type":"BreadcrumbList","itemListElement":[{"@type":"ListItem","position":1,"name":"Bundy na jaro, podzim i do zimy","item":"https:\/\/www.minasgerais.cz\/bundy-na-jaro-podzim-i-do-zimy\/#breadcrumbitem"}]}]