[{"@context":"https:\/\/schema.org\/","@type":"Article","@id":"https:\/\/www.minasgerais.cz\/nejvetsi-prani\/#Article","mainEntityOfPage":"https:\/\/www.minasgerais.cz\/nejvetsi-prani\/","headline":"Nejv\u011bt\u0161\u00ed p\u0159\u00e1n\u00ed","name":"Nejv\u011bt\u0161\u00ed p\u0159\u00e1n\u00ed","description":"Jak\u00e9 tradice se spojuj\u00ed s V\u00e1nocemi? Pro ka\u017edou spole\u010dnost, a dokonce rodinu je to n\u011bco jin\u00e9ho. Postupem \u010dasu se tak m\u016f\u017ee st\u00e1t tradic\u00ed jednodu\u0161e jen [&hellip;]","datePublished":"2024-10-09","dateModified":"2024-10-09","author":{"@type":"Person","@id":"https:\/\/www.minasgerais.cz\/author\/#Person","name":"","url":"https:\/\/www.minasgerais.cz\/author\/","identifier":1,"image":{"@type":"ImageObject","@id":"https:\/\/secure.gravatar.com\/avatar\/f3f77307dfb7a1a6ad06d8ef95ed6ed296a0507575d3814dc8c8630c3a7fa477?s=96&d=mm&r=g","url":"https:\/\/secure.gravatar.com\/avatar\/f3f77307dfb7a1a6ad06d8ef95ed6ed296a0507575d3814dc8c8630c3a7fa477?s=96&d=mm&r=g","height":96,"width":96}},"publisher":{"@type":"Organization","name":"minasgerais.cz","logo":{"@type":"ImageObject","@id":"\/logo.png","url":"\/logo.png","width":600,"height":60}},"image":{"@type":"ImageObject","@id":"https:\/\/www.minasgerais.cz\/wp-content\/uploads\/christmas-tree-3860669_640.jpg","url":"https:\/\/www.minasgerais.cz\/wp-content\/uploads\/christmas-tree-3860669_640.jpg","height":0,"width":0},"url":"https:\/\/www.minasgerais.cz\/nejvetsi-prani\/","about":["N\u00e1kupy"],"wordCount":434,"articleBody":"         Jak\u00e9 tradice se spojuj\u00ed s V\u00e1nocemi? Pro ka\u017edou spole\u010dnost, a dokonce rodinu je to n\u011bco jin\u00e9ho. Postupem \u010dasu se tak m\u016f\u017ee st\u00e1t tradic\u00ed jednodu\u0161e jen specifick\u00fd pr\u016fb\u011bh v\u00e1no\u010dn\u00edho obdob\u00ed. To, jak\u00e9 cukrov\u00ed maminka p\u0159ed V\u00e1nocemi pe\u010de nebo t\u0159eba dokonce to, \u017ee se z pe\u010den\u00ed stane rodinn\u00e1 se\u0161lost, kdy maminka pozve babi\u010dku a tetu, aby se v\u0161echno stihlo b\u011bhem jednoho odpoledne a aby tak spojily p\u0159\u00edjemn\u00e9 s u\u017eite\u010dn\u00fdm. Ka\u017ed\u00e9 cukrov\u00ed se mus\u00ed po vyroben\u00ed po\u0159\u00e1dn\u011b ochutnat, jestli se poda\u0159ilo a jestli m\u00e1 smysl ho nech\u00e1vat na \u0160t\u011bdr\u00fd ve\u010der. Na takov\u00e9 ochutn\u00e1v\u00e1n\u00ed jsou tu obvykle d\u011bti, kter\u00e9 se dobrot nemohou do\u010dkat.V n\u011bkter\u00fdch rodin\u00e1ch je tradic\u00ed to, \u017ee se v\u00e1no\u010dn\u00ed cukrov\u00ed neuj\u00edd\u00e1 a\u017e do \u0160t\u011bdr\u00e9ho dne. V\u0161echno by tak m\u011blo z\u016fstat v krabic\u00edch netknuto, a\u017e do toho slavn\u00e9ho momentu. To, jak\u00e9 cukrov\u00ed se vyr\u00e1b\u00ed je pro ka\u017edou rodinu tak\u00e9 specifick\u00e9, tak\u017ee i to se n\u00e1m uchov\u00e1v\u00e1 ve vzpom\u00ednk\u00e1ch. Ka\u017ed\u00fd m\u00e1me jist\u011b to sv\u00e9 nejobl\u00edben\u011bj\u0161\u00ed, kter\u00e9 ze stolu zmizne jako prvn\u00ed. Sou\u010d\u00e1st\u00ed p\u0159edv\u00e1no\u010dn\u00edho obdob\u00ed je zapalov\u00e1n\u00ed sv\u00ed\u010dek na adventn\u00edm v\u011bnci. Postupn\u011b se roz\u017e\u00ednaj\u00ed dal\u0161\u00ed a dal\u0161\u00ed sv\u00ed\u010dky, a to signalizuje bl\u00ed\u017e\u00edc\u00ed se V\u00e1noce. Na \u0160t\u011bdr\u00fd den se pak d\u011bj\u00ed ur\u010dit\u00e9 aktivity, bez kter\u00fdch by to nebyl spr\u00e1vn\u00fd \u0160t\u011bdr\u00fd den.Jedn\u00e1 se o drobn\u00e9 aktivity jako je nap\u0159\u00edklad proch\u00e1zka v zimn\u00ed p\u0159\u00edrod\u011b, zp\u00edv\u00e1n\u00ed koled nebo nap\u0159\u00edklad zdoben\u00ed v\u00e1no\u010dn\u00edho strome\u010dku. D\u00e1v\u00e1n\u00ed d\u00e1rk\u016f pak pat\u0159\u00ed k nejv\u00fdznamn\u011bj\u0161\u00ed v\u0161eobecn\u00e9 tradici, na kterou se obzvl\u00e1\u0161\u0165 d\u011bti t\u011b\u0161\u00ed ze v\u0161eho nejv\u00edce. Pod strome\u010dkem ale m\u016f\u017eete naj\u00edt jen ty nejv\u011bt\u0161\u00ed drobnosti  https:\/\/www.nikl.cz\/p2646-penal-na-drobnosti-fx-access-bag-large.php jako je \u0161\u0148\u016frka na krk promodarky.cz, ale pokud kolem sebe miluj\u00edc\u00ed rodinu, je to to nejv\u00fdznamn\u011bj\u0161\u00ed. Mnohdy si toto po\u017eehn\u00e1n\u00ed ani neuv\u011bdomujeme, ale pokud se V\u00e1m n\u011bkdy stalo, \u017ee jste V\u00e1noce museli tr\u00e1vit o samot\u011b nebo jste ztratili n\u011bkoho doopravdy bl\u00edzk\u00e9ho, v\u00edte, jak smutn\u00e9 to m\u016f\u017ee b\u00fdt. Nejv\u011bt\u0161\u00edm p\u0159\u00e1n\u00edm je pak zdrav\u00ed a spokojenost pro v\u0161echny Va\u0161e bl\u00edzk\u00e9.                                                                                                                                                                                                                                                                                                                                                                                          4.1\/5 - (9 votes)        "},{"@context":"https:\/\/schema.org\/","@type":"BreadcrumbList","itemListElement":[{"@type":"ListItem","position":1,"name":"Nejv\u011bt\u0161\u00ed p\u0159\u00e1n\u00ed","item":"https:\/\/www.minasgerais.cz\/nejvetsi-prani\/#breadcrumbitem"}]}]