{"@context":"https:\/\/schema.org\/","@type":"CollectionPage","@id":"https:\/\/www.minasgerais.cz\/online\/#CollectionPage","headline":"Online Category","description":"","url":"https:\/\/www.minasgerais.cz\/online\/","hasPart":[{"@type":"Article","@id":"https:\/\/www.minasgerais.cz\/kolik-stoji-zalozeni-firmy\/","headline":"Kolik stoj\u00ed zalo\u017een\u00ed firmy?","url":"https:\/\/www.minasgerais.cz\/kolik-stoji-zalozeni-firmy\/","datePublished":"2024-05-17","dateModified":"2024-05-17","mainEntityOfPage":"https:\/\/www.minasgerais.cz\/kolik-stoji-zalozeni-firmy\/","author":{"@type":"Person","@id":"https:\/\/www.minasgerais.cz\/author\/#Person","name":"","url":"https:\/\/www.minasgerais.cz\/author\/","identifier":1,"image":{"@type":"ImageObject","@id":"https:\/\/secure.gravatar.com\/avatar\/f3f77307dfb7a1a6ad06d8ef95ed6ed296a0507575d3814dc8c8630c3a7fa477?s=96&d=mm&r=g","url":"https:\/\/secure.gravatar.com\/avatar\/f3f77307dfb7a1a6ad06d8ef95ed6ed296a0507575d3814dc8c8630c3a7fa477?s=96&d=mm&r=g","height":96,"width":96}},"publisher":{"@type":"Organization","name":"minasgerais.cz","logo":{"@type":"ImageObject","@id":"\/logo.png","url":"\/logo.png","width":600,"height":60}},"image":{"@type":"ImageObject","@id":"https:\/\/www.minasgerais.cz\/wp-content\/uploads\/money-2696228_640_7.jpg","url":"https:\/\/www.minasgerais.cz\/wp-content\/uploads\/money-2696228_640_7.jpg","height":0,"width":0},"keywords":null},{"@type":"Article","@id":"https:\/\/www.minasgerais.cz\/nabidka-brigad-v-plzni\/","headline":"Nab\u00eddka brig\u00e1d v Plzni","url":"https:\/\/www.minasgerais.cz\/nabidka-brigad-v-plzni\/","datePublished":"2021-08-21","dateModified":"2023-05-07","mainEntityOfPage":"https:\/\/www.minasgerais.cz\/nabidka-brigad-v-plzni\/","author":{"@type":"Person","@id":"https:\/\/www.minasgerais.cz\/author\/#Person","name":"","url":"https:\/\/www.minasgerais.cz\/author\/","identifier":1,"image":{"@type":"ImageObject","@id":"https:\/\/secure.gravatar.com\/avatar\/f3f77307dfb7a1a6ad06d8ef95ed6ed296a0507575d3814dc8c8630c3a7fa477?s=96&d=mm&r=g","url":"https:\/\/secure.gravatar.com\/avatar\/f3f77307dfb7a1a6ad06d8ef95ed6ed296a0507575d3814dc8c8630c3a7fa477?s=96&d=mm&r=g","height":96,"width":96}},"publisher":{"@type":"Organization","name":"minasgerais.cz","logo":{"@type":"ImageObject","@id":"\/logo.png","url":"\/logo.png","width":600,"height":60}},"image":{"@type":"ImageObject","@id":"https:\/\/www.minasgerais.cz\/wp-content\/uploads\/d%C3%ADvka%20na%20koberci_1.jpg","url":"https:\/\/www.minasgerais.cz\/wp-content\/uploads\/d%C3%ADvka%20na%20koberci_1.jpg","height":0,"width":0},"keywords":null},{"@type":"Article","@id":"https:\/\/www.minasgerais.cz\/matrix-nam-ovlada-zivot-odpojme-se-od-nej\/","headline":"Matrix n\u00e1m ovl\u00e1d\u00e1 \u017eivot, odpojme se od n\u011bj!","url":"https:\/\/www.minasgerais.cz\/matrix-nam-ovlada-zivot-odpojme-se-od-nej\/","datePublished":"2019-11-19","dateModified":"2023-05-07","mainEntityOfPage":"https:\/\/www.minasgerais.cz\/matrix-nam-ovlada-zivot-odpojme-se-od-nej\/","author":{"@type":"Person","@id":"https:\/\/www.minasgerais.cz\/author\/#Person","name":"","url":"https:\/\/www.minasgerais.cz\/author\/","identifier":1,"image":{"@type":"ImageObject","@id":"https:\/\/secure.gravatar.com\/avatar\/f3f77307dfb7a1a6ad06d8ef95ed6ed296a0507575d3814dc8c8630c3a7fa477?s=96&d=mm&r=g","url":"https:\/\/secure.gravatar.com\/avatar\/f3f77307dfb7a1a6ad06d8ef95ed6ed296a0507575d3814dc8c8630c3a7fa477?s=96&d=mm&r=g","height":96,"width":96}},"publisher":{"@type":"Organization","name":"minasgerais.cz","logo":{"@type":"ImageObject","@id":"\/logo.png","url":"\/logo.png","width":600,"height":60}},"image":{"@type":"ImageObject","@id":"https:\/\/www.minasgerais.cz\/wp-content\/uploads\/img_a361096_w2901_t1574534919.png","url":"https:\/\/www.minasgerais.cz\/wp-content\/uploads\/img_a361096_w2901_t1574534919.png","height":0,"width":0},"keywords":null},{"@type":"Article","@id":"https:\/\/www.minasgerais.cz\/svatebni-koordinator-vase-prava-ruka\/","headline":"Svatebn\u00ed koordin\u00e1tor \u2013 va\u0161e prav\u00e1 ruka","url":"https:\/\/www.minasgerais.cz\/svatebni-koordinator-vase-prava-ruka\/","datePublished":"2019-11-10","dateModified":"2023-05-07","mainEntityOfPage":"https:\/\/www.minasgerais.cz\/svatebni-koordinator-vase-prava-ruka\/","author":{"@type":"Person","@id":"https:\/\/www.minasgerais.cz\/author\/#Person","name":"","url":"https:\/\/www.minasgerais.cz\/author\/","identifier":1,"image":{"@type":"ImageObject","@id":"https:\/\/secure.gravatar.com\/avatar\/f3f77307dfb7a1a6ad06d8ef95ed6ed296a0507575d3814dc8c8630c3a7fa477?s=96&d=mm&r=g","url":"https:\/\/secure.gravatar.com\/avatar\/f3f77307dfb7a1a6ad06d8ef95ed6ed296a0507575d3814dc8c8630c3a7fa477?s=96&d=mm&r=g","height":96,"width":96}},"publisher":{"@type":"Organization","name":"minasgerais.cz","logo":{"@type":"ImageObject","@id":"\/logo.png","url":"\/logo.png","width":600,"height":60}},"image":{"@type":"ImageObject","@id":"https:\/\/www.minasgerais.cz\/wp-content\/uploads\/img_a366496_w1756_t1579092764.jpg","url":"https:\/\/www.minasgerais.cz\/wp-content\/uploads\/img_a366496_w1756_t1579092764.jpg","height":0,"width":0},"keywords":null},{"@type":"Article","@id":"https:\/\/www.minasgerais.cz\/jak-pouzivat-whatsapp-na-pocitaci-nebo-notebooku\/","headline":"Jak pou\u017e\u00edvat WhatsApp na po\u010d\u00edta\u010di nebo notebooku","url":"https:\/\/www.minasgerais.cz\/jak-pouzivat-whatsapp-na-pocitaci-nebo-notebooku\/","datePublished":"2019-06-03","dateModified":"2023-05-07","mainEntityOfPage":"https:\/\/www.minasgerais.cz\/jak-pouzivat-whatsapp-na-pocitaci-nebo-notebooku\/","author":{"@type":"Person","@id":"https:\/\/www.minasgerais.cz\/author\/#Person","name":"","url":"https:\/\/www.minasgerais.cz\/author\/","identifier":1,"image":{"@type":"ImageObject","@id":"https:\/\/secure.gravatar.com\/avatar\/f3f77307dfb7a1a6ad06d8ef95ed6ed296a0507575d3814dc8c8630c3a7fa477?s=96&d=mm&r=g","url":"https:\/\/secure.gravatar.com\/avatar\/f3f77307dfb7a1a6ad06d8ef95ed6ed296a0507575d3814dc8c8630c3a7fa477?s=96&d=mm&r=g","height":96,"width":96}},"publisher":{"@type":"Organization","name":"minasgerais.cz","logo":{"@type":"ImageObject","@id":"\/logo.png","url":"\/logo.png","width":600,"height":60}},"image":{"@type":"ImageObject","@id":"https:\/\/www.minasgerais.cz\/wp-content\/uploads\/img_a346945_w2901_t1561216121.jpg","url":"https:\/\/www.minasgerais.cz\/wp-content\/uploads\/img_a346945_w2901_t1561216121.jpg","height":0,"width":0},"keywords":null}]}