[{"@context":"https:\/\/schema.org\/","@type":"Blog","@id":"https:\/\/www.minasgerais.cz#Blog","headline":"Minas gerais","description":"\nNeexistuje web, na kter\u00e9m by se dalo naj\u00edt o n\u011bjak\u00e9m t\u00e9matu \u00fapln\u011b v\u0161echno. Ale my se na tom na\u0161em sna\u017e\u00edme, abyste tu na\u0161li p\u0159inejmen\u0161\u00edm maximum.","url":"https:\/\/www.minasgerais.cz","hasPart":[{"@type":"Article","@id":"https:\/\/www.minasgerais.cz\/co-je-paddleboarding\/","headline":"Co je paddleboarding?","url":"https:\/\/www.minasgerais.cz\/co-je-paddleboarding\/","datePublished":"2021-02-16","dateModified":"2023-05-07","mainEntityOfPage":"https:\/\/www.minasgerais.cz\/co-je-paddleboarding\/","author":{"@type":"Person","@id":"https:\/\/www.minasgerais.cz\/author\/#Person","name":"","url":"https:\/\/www.minasgerais.cz\/author\/","identifier":1,"image":{"@type":"ImageObject","@id":"https:\/\/secure.gravatar.com\/avatar\/f3f77307dfb7a1a6ad06d8ef95ed6ed296a0507575d3814dc8c8630c3a7fa477?s=96&d=mm&r=g","url":"https:\/\/secure.gravatar.com\/avatar\/f3f77307dfb7a1a6ad06d8ef95ed6ed296a0507575d3814dc8c8630c3a7fa477?s=96&d=mm&r=g","height":96,"width":96}},"publisher":{"@type":"Organization","name":"minasgerais.cz","logo":{"@type":"ImageObject","@id":"\/logo.png","url":"\/logo.png","width":600,"height":60}},"image":{"@type":"ImageObject","@id":"https:\/\/www.minasgerais.cz\/wp-content\/uploads\/sunrise-2916338_960_720.jpg","url":"https:\/\/www.minasgerais.cz\/wp-content\/uploads\/sunrise-2916338_960_720.jpg","height":0,"width":0},"wordCount":777,"keywords":null},{"@type":"Article","@id":"https:\/\/www.minasgerais.cz\/octavia-iii-je-dobra-ojetina\/","headline":"Octavia III je dobr\u00e1 ojetina","url":"https:\/\/www.minasgerais.cz\/octavia-iii-je-dobra-ojetina\/","datePublished":"2020-12-25","dateModified":"2023-05-07","mainEntityOfPage":"https:\/\/www.minasgerais.cz\/octavia-iii-je-dobra-ojetina\/","author":{"@type":"Person","@id":"https:\/\/www.minasgerais.cz\/author\/#Person","name":"","url":"https:\/\/www.minasgerais.cz\/author\/","identifier":1,"image":{"@type":"ImageObject","@id":"https:\/\/secure.gravatar.com\/avatar\/f3f77307dfb7a1a6ad06d8ef95ed6ed296a0507575d3814dc8c8630c3a7fa477?s=96&d=mm&r=g","url":"https:\/\/secure.gravatar.com\/avatar\/f3f77307dfb7a1a6ad06d8ef95ed6ed296a0507575d3814dc8c8630c3a7fa477?s=96&d=mm&r=g","height":96,"width":96}},"publisher":{"@type":"Organization","name":"minasgerais.cz","logo":{"@type":"ImageObject","@id":"\/logo.png","url":"\/logo.png","width":600,"height":60}},"image":{"@type":"ImageObject","@id":"https:\/\/www.minasgerais.cz\/wp-content\/uploads\/%C5%A0koda%20Octaavia.png","url":"https:\/\/www.minasgerais.cz\/wp-content\/uploads\/%C5%A0koda%20Octaavia.png","height":0,"width":0},"wordCount":777,"keywords":null},{"@type":"Article","@id":"https:\/\/www.minasgerais.cz\/nedelejte-si-starosti-s-neuspesnym-hubnutim\/","headline":"Ned\u011blejte si starosti s ne\u00fasp\u011b\u0161n\u00fdm hubnut\u00edm","url":"https:\/\/www.minasgerais.cz\/nedelejte-si-starosti-s-neuspesnym-hubnutim\/","datePublished":"2020-12-14","dateModified":"2023-09-11","mainEntityOfPage":"https:\/\/www.minasgerais.cz\/nedelejte-si-starosti-s-neuspesnym-hubnutim\/","author":{"@type":"Person","@id":"https:\/\/www.minasgerais.cz\/author\/#Person","name":"","url":"https:\/\/www.minasgerais.cz\/author\/","identifier":1,"image":{"@type":"ImageObject","@id":"https:\/\/secure.gravatar.com\/avatar\/f3f77307dfb7a1a6ad06d8ef95ed6ed296a0507575d3814dc8c8630c3a7fa477?s=96&d=mm&r=g","url":"https:\/\/secure.gravatar.com\/avatar\/f3f77307dfb7a1a6ad06d8ef95ed6ed296a0507575d3814dc8c8630c3a7fa477?s=96&d=mm&r=g","height":96,"width":96}},"publisher":{"@type":"Organization","name":"minasgerais.cz","logo":{"@type":"ImageObject","@id":"\/logo.png","url":"\/logo.png","width":600,"height":60}},"image":{"@type":"ImageObject","@id":"https:\/\/www.minasgerais.cz\/wp-content\/uploads\/Dokonal%C3%A1%20postava.png","url":"https:\/\/www.minasgerais.cz\/wp-content\/uploads\/Dokonal%C3%A1%20postava.png","height":0,"width":0},"wordCount":716,"keywords":null},{"@type":"Article","@id":"https:\/\/www.minasgerais.cz\/udrzte-sve-podnikani-nad-vodou\/","headline":"Udr\u017ete sv\u00e9 podnik\u00e1n\u00ed nad vodou","url":"https:\/\/www.minasgerais.cz\/udrzte-sve-podnikani-nad-vodou\/","datePublished":"2020-10-24","dateModified":"2023-05-07","mainEntityOfPage":"https:\/\/www.minasgerais.cz\/udrzte-sve-podnikani-nad-vodou\/","author":{"@type":"Person","@id":"https:\/\/www.minasgerais.cz\/author\/#Person","name":"","url":"https:\/\/www.minasgerais.cz\/author\/","identifier":1,"image":{"@type":"ImageObject","@id":"https:\/\/secure.gravatar.com\/avatar\/f3f77307dfb7a1a6ad06d8ef95ed6ed296a0507575d3814dc8c8630c3a7fa477?s=96&d=mm&r=g","url":"https:\/\/secure.gravatar.com\/avatar\/f3f77307dfb7a1a6ad06d8ef95ed6ed296a0507575d3814dc8c8630c3a7fa477?s=96&d=mm&r=g","height":96,"width":96}},"publisher":{"@type":"Organization","name":"minasgerais.cz","logo":{"@type":"ImageObject","@id":"\/logo.png","url":"\/logo.png","width":600,"height":60}},"image":{"@type":"ImageObject","@id":"https:\/\/www.minasgerais.cz\/wp-content\/uploads\/grafy_1.jpeg","url":"https:\/\/www.minasgerais.cz\/wp-content\/uploads\/grafy_1.jpeg","height":0,"width":0},"wordCount":546,"keywords":null},{"@type":"Article","@id":"https:\/\/www.minasgerais.cz\/jaka-nebezpeci-skryva-houpacka-pro-deti-do-bytu\/","headline":"Jak\u00e1 nebezpe\u010d\u00ed skr\u00fdv\u00e1 houpa\u010dka pro d\u011bti do bytu","url":"https:\/\/www.minasgerais.cz\/jaka-nebezpeci-skryva-houpacka-pro-deti-do-bytu\/","datePublished":"2020-10-11","dateModified":"2023-05-07","mainEntityOfPage":"https:\/\/www.minasgerais.cz\/jaka-nebezpeci-skryva-houpacka-pro-deti-do-bytu\/","author":{"@type":"Person","@id":"https:\/\/www.minasgerais.cz\/author\/#Person","name":"","url":"https:\/\/www.minasgerais.cz\/author\/","identifier":1,"image":{"@type":"ImageObject","@id":"https:\/\/secure.gravatar.com\/avatar\/f3f77307dfb7a1a6ad06d8ef95ed6ed296a0507575d3814dc8c8630c3a7fa477?s=96&d=mm&r=g","url":"https:\/\/secure.gravatar.com\/avatar\/f3f77307dfb7a1a6ad06d8ef95ed6ed296a0507575d3814dc8c8630c3a7fa477?s=96&d=mm&r=g","height":96,"width":96}},"publisher":{"@type":"Organization","name":"minasgerais.cz","logo":{"@type":"ImageObject","@id":"\/logo.png","url":"\/logo.png","width":600,"height":60}},"image":{"@type":"ImageObject","@id":"https:\/\/www.minasgerais.cz\/wp-content\/uploads\/houpacka1_4.jpg","url":"https:\/\/www.minasgerais.cz\/wp-content\/uploads\/houpacka1_4.jpg","height":0,"width":0},"wordCount":689,"keywords":null},{"@type":"Article","@id":"https:\/\/www.minasgerais.cz\/tipy-pro-hrani-se-zakrslym-kralikem\/","headline":"Tipy pro hran\u00ed se zakrsl\u00fdm kr\u00e1l\u00edkem","url":"https:\/\/www.minasgerais.cz\/tipy-pro-hrani-se-zakrslym-kralikem\/","datePublished":"2020-09-26","dateModified":"2023-05-07","mainEntityOfPage":"https:\/\/www.minasgerais.cz\/tipy-pro-hrani-se-zakrslym-kralikem\/","author":{"@type":"Person","@id":"https:\/\/www.minasgerais.cz\/author\/#Person","name":"","url":"https:\/\/www.minasgerais.cz\/author\/","identifier":1,"image":{"@type":"ImageObject","@id":"https:\/\/secure.gravatar.com\/avatar\/f3f77307dfb7a1a6ad06d8ef95ed6ed296a0507575d3814dc8c8630c3a7fa477?s=96&d=mm&r=g","url":"https:\/\/secure.gravatar.com\/avatar\/f3f77307dfb7a1a6ad06d8ef95ed6ed296a0507575d3814dc8c8630c3a7fa477?s=96&d=mm&r=g","height":96,"width":96}},"publisher":{"@type":"Organization","name":"minasgerais.cz","logo":{"@type":"ImageObject","@id":"\/logo.png","url":"\/logo.png","width":600,"height":60}},"image":{"@type":"ImageObject","@id":"https:\/\/www.minasgerais.cz\/wp-content\/uploads\/img_a307094_w2023_t1518467102.jpg","url":"https:\/\/www.minasgerais.cz\/wp-content\/uploads\/img_a307094_w2023_t1518467102.jpg","height":0,"width":0},"wordCount":2435,"keywords":null},{"@type":"Article","@id":"https:\/\/www.minasgerais.cz\/kakaovy-prasek\/","headline":"Kakaov\u00fd pr\u00e1\u0161ek","url":"https:\/\/www.minasgerais.cz\/kakaovy-prasek\/","datePublished":"2020-09-08","dateModified":"2023-05-07","mainEntityOfPage":"https:\/\/www.minasgerais.cz\/kakaovy-prasek\/","author":{"@type":"Person","@id":"https:\/\/www.minasgerais.cz\/author\/#Person","name":"","url":"https:\/\/www.minasgerais.cz\/author\/","identifier":1,"image":{"@type":"ImageObject","@id":"https:\/\/secure.gravatar.com\/avatar\/f3f77307dfb7a1a6ad06d8ef95ed6ed296a0507575d3814dc8c8630c3a7fa477?s=96&d=mm&r=g","url":"https:\/\/secure.gravatar.com\/avatar\/f3f77307dfb7a1a6ad06d8ef95ed6ed296a0507575d3814dc8c8630c3a7fa477?s=96&d=mm&r=g","height":96,"width":96}},"publisher":{"@type":"Organization","name":"minasgerais.cz","logo":{"@type":"ImageObject","@id":"\/logo.png","url":"\/logo.png","width":600,"height":60}},"image":{"@type":"ImageObject","@id":"https:\/\/www.minasgerais.cz\/wp-content\/uploads\/kakao%20pr%C3%A1%C5%A1ek.png","url":"https:\/\/www.minasgerais.cz\/wp-content\/uploads\/kakao%20pr%C3%A1%C5%A1ek.png","height":0,"width":0},"wordCount":951,"keywords":null},{"@type":"Article","@id":"https:\/\/www.minasgerais.cz\/chybi-vam-taburet\/","headline":"Chyb\u00ed v\u00e1m taburet?","url":"https:\/\/www.minasgerais.cz\/chybi-vam-taburet\/","datePublished":"2020-09-04","dateModified":"2023-05-07","mainEntityOfPage":"https:\/\/www.minasgerais.cz\/chybi-vam-taburet\/","author":{"@type":"Person","@id":"https:\/\/www.minasgerais.cz\/author\/#Person","name":"","url":"https:\/\/www.minasgerais.cz\/author\/","identifier":1,"image":{"@type":"ImageObject","@id":"https:\/\/secure.gravatar.com\/avatar\/f3f77307dfb7a1a6ad06d8ef95ed6ed296a0507575d3814dc8c8630c3a7fa477?s=96&d=mm&r=g","url":"https:\/\/secure.gravatar.com\/avatar\/f3f77307dfb7a1a6ad06d8ef95ed6ed296a0507575d3814dc8c8630c3a7fa477?s=96&d=mm&r=g","height":96,"width":96}},"publisher":{"@type":"Organization","name":"minasgerais.cz","logo":{"@type":"ImageObject","@id":"\/logo.png","url":"\/logo.png","width":600,"height":60}},"image":{"@type":"ImageObject","@id":"https:\/\/www.minasgerais.cz\/wp-content\/uploads\/img_a294633_w2098_t1506496130.jpg","url":"https:\/\/www.minasgerais.cz\/wp-content\/uploads\/img_a294633_w2098_t1506496130.jpg","height":0,"width":0},"wordCount":484,"keywords":null},{"@type":"Article","@id":"https:\/\/www.minasgerais.cz\/bundy-na-jaro-podzim-i-do-zimy\/","headline":"Bundy na jaro, podzim i do zimy","url":"https:\/\/www.minasgerais.cz\/bundy-na-jaro-podzim-i-do-zimy\/","datePublished":"2020-08-10","dateModified":"2023-05-07","mainEntityOfPage":"https:\/\/www.minasgerais.cz\/bundy-na-jaro-podzim-i-do-zimy\/","author":{"@type":"Person","@id":"https:\/\/www.minasgerais.cz\/author\/#Person","name":"","url":"https:\/\/www.minasgerais.cz\/author\/","identifier":1,"image":{"@type":"ImageObject","@id":"https:\/\/secure.gravatar.com\/avatar\/f3f77307dfb7a1a6ad06d8ef95ed6ed296a0507575d3814dc8c8630c3a7fa477?s=96&d=mm&r=g","url":"https:\/\/secure.gravatar.com\/avatar\/f3f77307dfb7a1a6ad06d8ef95ed6ed296a0507575d3814dc8c8630c3a7fa477?s=96&d=mm&r=g","height":96,"width":96}},"publisher":{"@type":"Organization","name":"minasgerais.cz","logo":{"@type":"ImageObject","@id":"\/logo.png","url":"\/logo.png","width":600,"height":60}},"image":{"@type":"ImageObject","@id":"https:\/\/www.minasgerais.cz\/wp-content\/uploads\/ly%C5%BEa%C5%99%20na%20svahu.jpeg","url":"https:\/\/www.minasgerais.cz\/wp-content\/uploads\/ly%C5%BEa%C5%99%20na%20svahu.jpeg","height":0,"width":0},"wordCount":555,"keywords":null},{"@type":"Article","@id":"https:\/\/www.minasgerais.cz\/verme-tomu-cemu-kdysi-davno-verili-nasi-predci\/","headline":"V\u011b\u0159me tomu, \u010demu kdysi d\u00e1vno v\u011b\u0159ili na\u0161i p\u0159edci","url":"https:\/\/www.minasgerais.cz\/verme-tomu-cemu-kdysi-davno-verili-nasi-predci\/","datePublished":"2020-07-19","dateModified":"2023-05-07","mainEntityOfPage":"https:\/\/www.minasgerais.cz\/verme-tomu-cemu-kdysi-davno-verili-nasi-predci\/","author":{"@type":"Person","@id":"https:\/\/www.minasgerais.cz\/author\/#Person","name":"","url":"https:\/\/www.minasgerais.cz\/author\/","identifier":1,"image":{"@type":"ImageObject","@id":"https:\/\/secure.gravatar.com\/avatar\/f3f77307dfb7a1a6ad06d8ef95ed6ed296a0507575d3814dc8c8630c3a7fa477?s=96&d=mm&r=g","url":"https:\/\/secure.gravatar.com\/avatar\/f3f77307dfb7a1a6ad06d8ef95ed6ed296a0507575d3814dc8c8630c3a7fa477?s=96&d=mm&r=g","height":96,"width":96}},"publisher":{"@type":"Organization","name":"minasgerais.cz","logo":{"@type":"ImageObject","@id":"\/logo.png","url":"\/logo.png","width":600,"height":60}},"image":{"@type":"ImageObject","@id":"https:\/\/www.minasgerais.cz\/wp-content\/uploads\/matcha%20pr%C3%A1%C5%A1ek.jpg","url":"https:\/\/www.minasgerais.cz\/wp-content\/uploads\/matcha%20pr%C3%A1%C5%A1ek.jpg","height":0,"width":0},"wordCount":680,"keywords":null}]},{"@context":"https:\/\/schema.org","@type":"WebSite","@id":"https:\/\/www.minasgerais.cz\/#website","name":"Minas gerais","url":"https:\/\/www.minasgerais.cz","potentialAction":{"@type":"SearchAction","target":"https:\/\/www.minasgerais.cz\/?s={search_term_string}","query-input":"required name=search_term_string"}}]