[{"@context":"https:\/\/schema.org\/","@type":"Blog","@id":"https:\/\/www.minasgerais.cz#Blog","headline":"Minas gerais","description":"\nNeexistuje web, na kter\u00e9m by se dalo naj\u00edt o n\u011bjak\u00e9m t\u00e9matu \u00fapln\u011b v\u0161echno. Ale my se na tom na\u0161em sna\u017e\u00edme, abyste tu na\u0161li p\u0159inejmen\u0161\u00edm maximum.","url":"https:\/\/www.minasgerais.cz","hasPart":[{"@type":"Article","@id":"https:\/\/www.minasgerais.cz\/verme-tomu-cemu-kdysi-davno-verili-nasi-predci\/","headline":"V\u011b\u0159me tomu, \u010demu kdysi d\u00e1vno v\u011b\u0159ili na\u0161i p\u0159edci","url":"https:\/\/www.minasgerais.cz\/verme-tomu-cemu-kdysi-davno-verili-nasi-predci\/","datePublished":"2020-07-19","dateModified":"2023-05-07","mainEntityOfPage":"https:\/\/www.minasgerais.cz\/verme-tomu-cemu-kdysi-davno-verili-nasi-predci\/","author":{"@type":"Person","@id":"https:\/\/www.minasgerais.cz\/author\/#Person","name":"","url":"https:\/\/www.minasgerais.cz\/author\/","identifier":1,"image":{"@type":"ImageObject","@id":"https:\/\/secure.gravatar.com\/avatar\/f3f77307dfb7a1a6ad06d8ef95ed6ed296a0507575d3814dc8c8630c3a7fa477?s=96&d=mm&r=g","url":"https:\/\/secure.gravatar.com\/avatar\/f3f77307dfb7a1a6ad06d8ef95ed6ed296a0507575d3814dc8c8630c3a7fa477?s=96&d=mm&r=g","height":96,"width":96}},"publisher":{"@type":"Organization","name":"minasgerais.cz","logo":{"@type":"ImageObject","@id":"\/logo.png","url":"\/logo.png","width":600,"height":60}},"image":{"@type":"ImageObject","@id":"https:\/\/www.minasgerais.cz\/wp-content\/uploads\/matcha%20pr%C3%A1%C5%A1ek.jpg","url":"https:\/\/www.minasgerais.cz\/wp-content\/uploads\/matcha%20pr%C3%A1%C5%A1ek.jpg","height":0,"width":0},"wordCount":680,"keywords":null},{"@type":"Article","@id":"https:\/\/www.minasgerais.cz\/zlata-cisla-zrcadlova\/","headline":"Zlat\u00e1 \u010d\u00edsla zrcadlov\u00e1","url":"https:\/\/www.minasgerais.cz\/zlata-cisla-zrcadlova\/","datePublished":"2020-06-21","dateModified":"2020-06-21","mainEntityOfPage":"https:\/\/www.minasgerais.cz\/zlata-cisla-zrcadlova\/","author":{"@type":"Person","@id":"https:\/\/www.minasgerais.cz\/author\/#Person","name":"","url":"https:\/\/www.minasgerais.cz\/author\/","identifier":1,"image":{"@type":"ImageObject","@id":"https:\/\/secure.gravatar.com\/avatar\/f3f77307dfb7a1a6ad06d8ef95ed6ed296a0507575d3814dc8c8630c3a7fa477?s=96&d=mm&r=g","url":"https:\/\/secure.gravatar.com\/avatar\/f3f77307dfb7a1a6ad06d8ef95ed6ed296a0507575d3814dc8c8630c3a7fa477?s=96&d=mm&r=g","height":96,"width":96}},"publisher":{"@type":"Organization","name":"minasgerais.cz","logo":{"@type":"ImageObject","@id":"\/logo.png","url":"\/logo.png","width":600,"height":60}},"image":{"@type":"ImageObject","@id":"https:\/\/www.minasgerais.cz\/wp-content\/uploads\/mobiln%C3%AD%20telefon.png","url":"https:\/\/www.minasgerais.cz\/wp-content\/uploads\/mobiln%C3%AD%20telefon.png","height":0,"width":0},"wordCount":769,"keywords":null},{"@type":"Article","@id":"https:\/\/www.minasgerais.cz\/perfektni-svatba\/","headline":"Perfektn\u00ed svatba","url":"https:\/\/www.minasgerais.cz\/perfektni-svatba\/","datePublished":"2020-06-20","dateModified":"2023-05-07","mainEntityOfPage":"https:\/\/www.minasgerais.cz\/perfektni-svatba\/","author":{"@type":"Person","@id":"https:\/\/www.minasgerais.cz\/author\/#Person","name":"","url":"https:\/\/www.minasgerais.cz\/author\/","identifier":1,"image":{"@type":"ImageObject","@id":"https:\/\/secure.gravatar.com\/avatar\/f3f77307dfb7a1a6ad06d8ef95ed6ed296a0507575d3814dc8c8630c3a7fa477?s=96&d=mm&r=g","url":"https:\/\/secure.gravatar.com\/avatar\/f3f77307dfb7a1a6ad06d8ef95ed6ed296a0507575d3814dc8c8630c3a7fa477?s=96&d=mm&r=g","height":96,"width":96}},"publisher":{"@type":"Organization","name":"minasgerais.cz","logo":{"@type":"ImageObject","@id":"\/logo.png","url":"\/logo.png","width":600,"height":60}},"image":{"@type":"ImageObject","@id":"https:\/\/www.minasgerais.cz\/wp-content\/uploads\/man%C5%BEel%C3%A9%20z%C3%A1pad%20slunce.jpg","url":"https:\/\/www.minasgerais.cz\/wp-content\/uploads\/man%C5%BEel%C3%A9%20z%C3%A1pad%20slunce.jpg","height":0,"width":0},"wordCount":769,"keywords":null},{"@type":"Article","@id":"https:\/\/www.minasgerais.cz\/na-geotextilii-pod-bazen-se-casto-zapomina\/","headline":"Na geotextilii pod baz\u00e9n se \u010dasto zapom\u00edn\u00e1","url":"https:\/\/www.minasgerais.cz\/na-geotextilii-pod-bazen-se-casto-zapomina\/","datePublished":"2020-06-20","dateModified":"2023-05-07","mainEntityOfPage":"https:\/\/www.minasgerais.cz\/na-geotextilii-pod-bazen-se-casto-zapomina\/","author":{"@type":"Person","@id":"https:\/\/www.minasgerais.cz\/author\/#Person","name":"","url":"https:\/\/www.minasgerais.cz\/author\/","identifier":1,"image":{"@type":"ImageObject","@id":"https:\/\/secure.gravatar.com\/avatar\/f3f77307dfb7a1a6ad06d8ef95ed6ed296a0507575d3814dc8c8630c3a7fa477?s=96&d=mm&r=g","url":"https:\/\/secure.gravatar.com\/avatar\/f3f77307dfb7a1a6ad06d8ef95ed6ed296a0507575d3814dc8c8630c3a7fa477?s=96&d=mm&r=g","height":96,"width":96}},"publisher":{"@type":"Organization","name":"minasgerais.cz","logo":{"@type":"ImageObject","@id":"\/logo.png","url":"\/logo.png","width":600,"height":60}},"image":{"@type":"ImageObject","@id":"https:\/\/www.minasgerais.cz\/wp-content\/uploads\/voda%20v%20baz%C3%A9nu_1.jpg","url":"https:\/\/www.minasgerais.cz\/wp-content\/uploads\/voda%20v%20baz%C3%A9nu_1.jpg","height":0,"width":0},"wordCount":611,"keywords":null},{"@type":"Article","@id":"https:\/\/www.minasgerais.cz\/prodavejte-zlato\/","headline":"Prod\u00e1vejte zlato","url":"https:\/\/www.minasgerais.cz\/prodavejte-zlato\/","datePublished":"2020-06-15","dateModified":"2023-10-10","mainEntityOfPage":"https:\/\/www.minasgerais.cz\/prodavejte-zlato\/","author":{"@type":"Person","@id":"https:\/\/www.minasgerais.cz\/author\/#Person","name":"","url":"https:\/\/www.minasgerais.cz\/author\/","identifier":1,"image":{"@type":"ImageObject","@id":"https:\/\/secure.gravatar.com\/avatar\/f3f77307dfb7a1a6ad06d8ef95ed6ed296a0507575d3814dc8c8630c3a7fa477?s=96&d=mm&r=g","url":"https:\/\/secure.gravatar.com\/avatar\/f3f77307dfb7a1a6ad06d8ef95ed6ed296a0507575d3814dc8c8630c3a7fa477?s=96&d=mm&r=g","height":96,"width":96}},"publisher":{"@type":"Organization","name":"minasgerais.cz","logo":{"@type":"ImageObject","@id":"\/logo.png","url":"\/logo.png","width":600,"height":60}},"image":{"@type":"ImageObject","@id":"https:\/\/www.minasgerais.cz\/wp-content\/uploads\/img_a379777_w2901_t1591338147.jpg","url":"https:\/\/www.minasgerais.cz\/wp-content\/uploads\/img_a379777_w2901_t1591338147.jpg","height":0,"width":0},"wordCount":532,"keywords":null},{"@type":"Article","@id":"https:\/\/www.minasgerais.cz\/jaky-uver-je-pro-vas-ten-pravy\/","headline":"Jak\u00fd \u00fav\u011br je pro v\u00e1s ten prav\u00fd?","url":"https:\/\/www.minasgerais.cz\/jaky-uver-je-pro-vas-ten-pravy\/","datePublished":"2020-05-17","dateModified":"2023-05-07","mainEntityOfPage":"https:\/\/www.minasgerais.cz\/jaky-uver-je-pro-vas-ten-pravy\/","author":{"@type":"Person","@id":"https:\/\/www.minasgerais.cz\/author\/#Person","name":"","url":"https:\/\/www.minasgerais.cz\/author\/","identifier":1,"image":{"@type":"ImageObject","@id":"https:\/\/secure.gravatar.com\/avatar\/f3f77307dfb7a1a6ad06d8ef95ed6ed296a0507575d3814dc8c8630c3a7fa477?s=96&d=mm&r=g","url":"https:\/\/secure.gravatar.com\/avatar\/f3f77307dfb7a1a6ad06d8ef95ed6ed296a0507575d3814dc8c8630c3a7fa477?s=96&d=mm&r=g","height":96,"width":96}},"publisher":{"@type":"Organization","name":"minasgerais.cz","logo":{"@type":"ImageObject","@id":"\/logo.png","url":"\/logo.png","width":600,"height":60}},"image":{"@type":"ImageObject","@id":"https:\/\/www.minasgerais.cz\/wp-content\/uploads\/mince%20ve%20sklenici_2.jpg","url":"https:\/\/www.minasgerais.cz\/wp-content\/uploads\/mince%20ve%20sklenici_2.jpg","height":0,"width":0},"wordCount":610,"keywords":null},{"@type":"Article","@id":"https:\/\/www.minasgerais.cz\/plot-by-nemel-byt-jen-levny-ale-predevsim-plne-funkcni\/","headline":"Plot by nem\u011bl b\u00fdt jen levn\u00fd, ale p\u0159edev\u0161\u00edm pln\u011b funk\u010dn\u00ed","url":"https:\/\/www.minasgerais.cz\/plot-by-nemel-byt-jen-levny-ale-predevsim-plne-funkcni\/","datePublished":"2020-04-13","dateModified":"2023-05-07","mainEntityOfPage":"https:\/\/www.minasgerais.cz\/plot-by-nemel-byt-jen-levny-ale-predevsim-plne-funkcni\/","author":{"@type":"Person","@id":"https:\/\/www.minasgerais.cz\/author\/#Person","name":"","url":"https:\/\/www.minasgerais.cz\/author\/","identifier":1,"image":{"@type":"ImageObject","@id":"https:\/\/secure.gravatar.com\/avatar\/f3f77307dfb7a1a6ad06d8ef95ed6ed296a0507575d3814dc8c8630c3a7fa477?s=96&d=mm&r=g","url":"https:\/\/secure.gravatar.com\/avatar\/f3f77307dfb7a1a6ad06d8ef95ed6ed296a0507575d3814dc8c8630c3a7fa477?s=96&d=mm&r=g","height":96,"width":96}},"publisher":{"@type":"Organization","name":"minasgerais.cz","logo":{"@type":"ImageObject","@id":"\/logo.png","url":"\/logo.png","width":600,"height":60}},"image":{"@type":"ImageObject","@id":"https:\/\/www.minasgerais.cz\/wp-content\/uploads\/architecture-1081912_640_1.jpg","url":"https:\/\/www.minasgerais.cz\/wp-content\/uploads\/architecture-1081912_640_1.jpg","height":0,"width":0},"wordCount":684,"keywords":null},{"@type":"Article","@id":"https:\/\/www.minasgerais.cz\/jak-spravne-jist\/","headline":"Jak spr\u00e1vn\u011b j\u00edst","url":"https:\/\/www.minasgerais.cz\/jak-spravne-jist\/","datePublished":"2020-04-11","dateModified":"2024-04-24","mainEntityOfPage":"https:\/\/www.minasgerais.cz\/jak-spravne-jist\/","author":{"@type":"Person","@id":"https:\/\/www.minasgerais.cz\/author\/#Person","name":"","url":"https:\/\/www.minasgerais.cz\/author\/","identifier":1,"image":{"@type":"ImageObject","@id":"https:\/\/secure.gravatar.com\/avatar\/f3f77307dfb7a1a6ad06d8ef95ed6ed296a0507575d3814dc8c8630c3a7fa477?s=96&d=mm&r=g","url":"https:\/\/secure.gravatar.com\/avatar\/f3f77307dfb7a1a6ad06d8ef95ed6ed296a0507575d3814dc8c8630c3a7fa477?s=96&d=mm&r=g","height":96,"width":96}},"publisher":{"@type":"Organization","name":"minasgerais.cz","logo":{"@type":"ImageObject","@id":"\/logo.png","url":"\/logo.png","width":600,"height":60}},"image":{"@type":"ImageObject","@id":"https:\/\/www.minasgerais.cz\/wp-content\/uploads\/keto%20dieta.jpg","url":"https:\/\/www.minasgerais.cz\/wp-content\/uploads\/keto%20dieta.jpg","height":0,"width":0},"wordCount":676,"keywords":null},{"@type":"Article","@id":"https:\/\/www.minasgerais.cz\/kde-vzit-penize\/","headline":"Kde vz\u00edt pen\u00edze?","url":"https:\/\/www.minasgerais.cz\/kde-vzit-penize\/","datePublished":"2020-03-17","dateModified":"2023-05-07","mainEntityOfPage":"https:\/\/www.minasgerais.cz\/kde-vzit-penize\/","author":{"@type":"Person","@id":"https:\/\/www.minasgerais.cz\/author\/#Person","name":"","url":"https:\/\/www.minasgerais.cz\/author\/","identifier":1,"image":{"@type":"ImageObject","@id":"https:\/\/secure.gravatar.com\/avatar\/f3f77307dfb7a1a6ad06d8ef95ed6ed296a0507575d3814dc8c8630c3a7fa477?s=96&d=mm&r=g","url":"https:\/\/secure.gravatar.com\/avatar\/f3f77307dfb7a1a6ad06d8ef95ed6ed296a0507575d3814dc8c8630c3a7fa477?s=96&d=mm&r=g","height":96,"width":96}},"publisher":{"@type":"Organization","name":"minasgerais.cz","logo":{"@type":"ImageObject","@id":"\/logo.png","url":"\/logo.png","width":600,"height":60}},"image":{"@type":"ImageObject","@id":"https:\/\/www.minasgerais.cz\/wp-content\/uploads\/mince%20eura_2.jpg","url":"https:\/\/www.minasgerais.cz\/wp-content\/uploads\/mince%20eura_2.jpg","height":0,"width":0},"wordCount":694,"keywords":null},{"@type":"Article","@id":"https:\/\/www.minasgerais.cz\/jak-se-stavi-betonove-ploty\/","headline":"Jak se stav\u00ed betonov\u00e9 ploty","url":"https:\/\/www.minasgerais.cz\/jak-se-stavi-betonove-ploty\/","datePublished":"2020-02-16","dateModified":"2020-02-16","mainEntityOfPage":"https:\/\/www.minasgerais.cz\/jak-se-stavi-betonove-ploty\/","author":{"@type":"Person","@id":"https:\/\/www.minasgerais.cz\/author\/#Person","name":"","url":"https:\/\/www.minasgerais.cz\/author\/","identifier":1,"image":{"@type":"ImageObject","@id":"https:\/\/secure.gravatar.com\/avatar\/f3f77307dfb7a1a6ad06d8ef95ed6ed296a0507575d3814dc8c8630c3a7fa477?s=96&d=mm&r=g","url":"https:\/\/secure.gravatar.com\/avatar\/f3f77307dfb7a1a6ad06d8ef95ed6ed296a0507575d3814dc8c8630c3a7fa477?s=96&d=mm&r=g","height":96,"width":96}},"publisher":{"@type":"Organization","name":"minasgerais.cz","logo":{"@type":"ImageObject","@id":"\/logo.png","url":"\/logo.png","width":600,"height":60}},"image":{"@type":"ImageObject","@id":"https:\/\/www.minasgerais.cz\/wp-content\/uploads\/img_a376426_w3867_t1587706995.jpg","url":"https:\/\/www.minasgerais.cz\/wp-content\/uploads\/img_a376426_w3867_t1587706995.jpg","height":0,"width":0},"wordCount":527,"keywords":null}]},{"@context":"https:\/\/schema.org","@type":"WebSite","@id":"https:\/\/www.minasgerais.cz\/#website","name":"Minas gerais","url":"https:\/\/www.minasgerais.cz","potentialAction":{"@type":"SearchAction","target":"https:\/\/www.minasgerais.cz\/?s={search_term_string}","query-input":"required name=search_term_string"}}]