[{"@context":"https:\/\/schema.org\/","@type":"Blog","@id":"https:\/\/www.minasgerais.cz#Blog","headline":"Minas gerais","description":"\nNeexistuje web, na kter\u00e9m by se dalo naj\u00edt o n\u011bjak\u00e9m t\u00e9matu \u00fapln\u011b v\u0161echno. Ale my se na tom na\u0161em sna\u017e\u00edme, abyste tu na\u0161li p\u0159inejmen\u0161\u00edm maximum.","url":"https:\/\/www.minasgerais.cz","hasPart":[{"@type":"Article","@id":"https:\/\/www.minasgerais.cz\/co-slusi-zenam-s-typem-postavy-hruska\/","headline":"Co slu\u0161\u00ed \u017een\u00e1m s typem postavy \u201ehru\u0161ka\u201c?","url":"https:\/\/www.minasgerais.cz\/co-slusi-zenam-s-typem-postavy-hruska\/","datePublished":"2019-09-16","dateModified":"2023-05-07","mainEntityOfPage":"https:\/\/www.minasgerais.cz\/co-slusi-zenam-s-typem-postavy-hruska\/","author":{"@type":"Person","@id":"https:\/\/www.minasgerais.cz\/author\/#Person","name":"","url":"https:\/\/www.minasgerais.cz\/author\/","identifier":1,"image":{"@type":"ImageObject","@id":"https:\/\/secure.gravatar.com\/avatar\/f3f77307dfb7a1a6ad06d8ef95ed6ed296a0507575d3814dc8c8630c3a7fa477?s=96&d=mm&r=g","url":"https:\/\/secure.gravatar.com\/avatar\/f3f77307dfb7a1a6ad06d8ef95ed6ed296a0507575d3814dc8c8630c3a7fa477?s=96&d=mm&r=g","height":96,"width":96}},"publisher":{"@type":"Organization","name":"minasgerais.cz","logo":{"@type":"ImageObject","@id":"\/logo.png","url":"\/logo.png","width":600,"height":60}},"image":{"@type":"ImageObject","@id":"https:\/\/www.minasgerais.cz\/wp-content\/uploads\/img_a355379_w3547_t1569688062.jpg","url":"https:\/\/www.minasgerais.cz\/wp-content\/uploads\/img_a355379_w3547_t1569688062.jpg","height":0,"width":0},"wordCount":488,"keywords":null},{"@type":"Article","@id":"https:\/\/www.minasgerais.cz\/kde-pujci-neduveryhodnemu\/","headline":"Kde p\u016fj\u010d\u00ed ned\u016fv\u011bryhodn\u00e9mu?","url":"https:\/\/www.minasgerais.cz\/kde-pujci-neduveryhodnemu\/","datePublished":"2019-09-12","dateModified":"2023-05-07","mainEntityOfPage":"https:\/\/www.minasgerais.cz\/kde-pujci-neduveryhodnemu\/","author":{"@type":"Person","@id":"https:\/\/www.minasgerais.cz\/author\/#Person","name":"","url":"https:\/\/www.minasgerais.cz\/author\/","identifier":1,"image":{"@type":"ImageObject","@id":"https:\/\/secure.gravatar.com\/avatar\/f3f77307dfb7a1a6ad06d8ef95ed6ed296a0507575d3814dc8c8630c3a7fa477?s=96&d=mm&r=g","url":"https:\/\/secure.gravatar.com\/avatar\/f3f77307dfb7a1a6ad06d8ef95ed6ed296a0507575d3814dc8c8630c3a7fa477?s=96&d=mm&r=g","height":96,"width":96}},"publisher":{"@type":"Organization","name":"minasgerais.cz","logo":{"@type":"ImageObject","@id":"\/logo.png","url":"\/logo.png","width":600,"height":60}},"image":{"@type":"ImageObject","@id":"https:\/\/www.minasgerais.cz\/wp-content\/uploads\/img_a351307_w1701_t1565988029.jpg","url":"https:\/\/www.minasgerais.cz\/wp-content\/uploads\/img_a351307_w1701_t1565988029.jpg","height":0,"width":0},"wordCount":560,"keywords":null},{"@type":"Article","@id":"https:\/\/www.minasgerais.cz\/domaci-prace\/","headline":"Dom\u00e1c\u00ed pr\u00e1ce","url":"https:\/\/www.minasgerais.cz\/domaci-prace\/","datePublished":"2019-06-26","dateModified":"2023-05-07","mainEntityOfPage":"https:\/\/www.minasgerais.cz\/domaci-prace\/","author":{"@type":"Person","@id":"https:\/\/www.minasgerais.cz\/author\/#Person","name":"","url":"https:\/\/www.minasgerais.cz\/author\/","identifier":1,"image":{"@type":"ImageObject","@id":"https:\/\/secure.gravatar.com\/avatar\/f3f77307dfb7a1a6ad06d8ef95ed6ed296a0507575d3814dc8c8630c3a7fa477?s=96&d=mm&r=g","url":"https:\/\/secure.gravatar.com\/avatar\/f3f77307dfb7a1a6ad06d8ef95ed6ed296a0507575d3814dc8c8630c3a7fa477?s=96&d=mm&r=g","height":96,"width":96}},"publisher":{"@type":"Organization","name":"minasgerais.cz","logo":{"@type":"ImageObject","@id":"\/logo.png","url":"\/logo.png","width":600,"height":60}},"image":{"@type":"ImageObject","@id":"https:\/\/www.minasgerais.cz\/wp-content\/uploads\/img_a347737_w2901_t1562269536.jpg","url":"https:\/\/www.minasgerais.cz\/wp-content\/uploads\/img_a347737_w2901_t1562269536.jpg","height":0,"width":0},"wordCount":515,"keywords":null},{"@type":"Article","@id":"https:\/\/www.minasgerais.cz\/ale-neni-karta-jako-karta\/","headline":"Ale nen\u00ed karta jako karta","url":"https:\/\/www.minasgerais.cz\/ale-neni-karta-jako-karta\/","datePublished":"2019-06-12","dateModified":"2023-05-07","mainEntityOfPage":"https:\/\/www.minasgerais.cz\/ale-neni-karta-jako-karta\/","author":{"@type":"Person","@id":"https:\/\/www.minasgerais.cz\/author\/#Person","name":"","url":"https:\/\/www.minasgerais.cz\/author\/","identifier":1,"image":{"@type":"ImageObject","@id":"https:\/\/secure.gravatar.com\/avatar\/f3f77307dfb7a1a6ad06d8ef95ed6ed296a0507575d3814dc8c8630c3a7fa477?s=96&d=mm&r=g","url":"https:\/\/secure.gravatar.com\/avatar\/f3f77307dfb7a1a6ad06d8ef95ed6ed296a0507575d3814dc8c8630c3a7fa477?s=96&d=mm&r=g","height":96,"width":96}},"publisher":{"@type":"Organization","name":"minasgerais.cz","logo":{"@type":"ImageObject","@id":"\/logo.png","url":"\/logo.png","width":600,"height":60}},"image":{"@type":"ImageObject","@id":"https:\/\/www.minasgerais.cz\/wp-content\/uploads\/img_a348794_w2901_t1563644665.png","url":"https:\/\/www.minasgerais.cz\/wp-content\/uploads\/img_a348794_w2901_t1563644665.png","height":0,"width":0},"wordCount":492,"keywords":null},{"@type":"Article","@id":"https:\/\/www.minasgerais.cz\/bylinkovy-zahon\/","headline":"Bylinkov\u00fd z\u00e1hon","url":"https:\/\/www.minasgerais.cz\/bylinkovy-zahon\/","datePublished":"2019-06-12","dateModified":"2023-05-07","mainEntityOfPage":"https:\/\/www.minasgerais.cz\/bylinkovy-zahon\/","author":{"@type":"Person","@id":"https:\/\/www.minasgerais.cz\/author\/#Person","name":"","url":"https:\/\/www.minasgerais.cz\/author\/","identifier":1,"image":{"@type":"ImageObject","@id":"https:\/\/secure.gravatar.com\/avatar\/f3f77307dfb7a1a6ad06d8ef95ed6ed296a0507575d3814dc8c8630c3a7fa477?s=96&d=mm&r=g","url":"https:\/\/secure.gravatar.com\/avatar\/f3f77307dfb7a1a6ad06d8ef95ed6ed296a0507575d3814dc8c8630c3a7fa477?s=96&d=mm&r=g","height":96,"width":96}},"publisher":{"@type":"Organization","name":"minasgerais.cz","logo":{"@type":"ImageObject","@id":"\/logo.png","url":"\/logo.png","width":600,"height":60}},"image":{"@type":"ImageObject","@id":"https:\/\/www.minasgerais.cz\/wp-content\/uploads\/img_a348448_w2901_t1563103457.jpg","url":"https:\/\/www.minasgerais.cz\/wp-content\/uploads\/img_a348448_w2901_t1563103457.jpg","height":0,"width":0},"wordCount":523,"keywords":null},{"@type":"Article","@id":"https:\/\/www.minasgerais.cz\/jak-nakoupit-spravny-sperk\/","headline":"Jak nakoupit spr\u00e1vn\u00fd \u0161perk","url":"https:\/\/www.minasgerais.cz\/jak-nakoupit-spravny-sperk\/","datePublished":"2019-06-12","dateModified":"2023-05-07","mainEntityOfPage":"https:\/\/www.minasgerais.cz\/jak-nakoupit-spravny-sperk\/","author":{"@type":"Person","@id":"https:\/\/www.minasgerais.cz\/author\/#Person","name":"","url":"https:\/\/www.minasgerais.cz\/author\/","identifier":1,"image":{"@type":"ImageObject","@id":"https:\/\/secure.gravatar.com\/avatar\/f3f77307dfb7a1a6ad06d8ef95ed6ed296a0507575d3814dc8c8630c3a7fa477?s=96&d=mm&r=g","url":"https:\/\/secure.gravatar.com\/avatar\/f3f77307dfb7a1a6ad06d8ef95ed6ed296a0507575d3814dc8c8630c3a7fa477?s=96&d=mm&r=g","height":96,"width":96}},"publisher":{"@type":"Organization","name":"minasgerais.cz","logo":{"@type":"ImageObject","@id":"\/logo.png","url":"\/logo.png","width":600,"height":60}},"image":{"@type":"ImageObject","@id":"https:\/\/www.minasgerais.cz\/wp-content\/uploads\/img_a347980_w2901_t1562491719.jpg","url":"https:\/\/www.minasgerais.cz\/wp-content\/uploads\/img_a347980_w2901_t1562491719.jpg","height":0,"width":0},"wordCount":4523,"keywords":null},{"@type":"Article","@id":"https:\/\/www.minasgerais.cz\/prodluzovani-ras-lash-lifting\/","headline":"Prodlu\u017eov\u00e1n\u00ed \u0159as \u2013 LASH LIFTING","url":"https:\/\/www.minasgerais.cz\/prodluzovani-ras-lash-lifting\/","datePublished":"2019-06-12","dateModified":"2023-05-07","mainEntityOfPage":"https:\/\/www.minasgerais.cz\/prodluzovani-ras-lash-lifting\/","author":{"@type":"Person","@id":"https:\/\/www.minasgerais.cz\/author\/#Person","name":"","url":"https:\/\/www.minasgerais.cz\/author\/","identifier":1,"image":{"@type":"ImageObject","@id":"https:\/\/secure.gravatar.com\/avatar\/f3f77307dfb7a1a6ad06d8ef95ed6ed296a0507575d3814dc8c8630c3a7fa477?s=96&d=mm&r=g","url":"https:\/\/secure.gravatar.com\/avatar\/f3f77307dfb7a1a6ad06d8ef95ed6ed296a0507575d3814dc8c8630c3a7fa477?s=96&d=mm&r=g","height":96,"width":96}},"publisher":{"@type":"Organization","name":"minasgerais.cz","logo":{"@type":"ImageObject","@id":"\/logo.png","url":"\/logo.png","width":600,"height":60}},"image":{"@type":"ImageObject","@id":"https:\/\/www.minasgerais.cz\/wp-content\/uploads\/img_a347910_w2901_t1562438077.jpg","url":"https:\/\/www.minasgerais.cz\/wp-content\/uploads\/img_a347910_w2901_t1562438077.jpg","height":0,"width":0},"wordCount":732,"keywords":null},{"@type":"Article","@id":"https:\/\/www.minasgerais.cz\/jak-a-co-nakoupit-na-aliexpress\/","headline":"Jak a co nakoupit na Aliexpress?","url":"https:\/\/www.minasgerais.cz\/jak-a-co-nakoupit-na-aliexpress\/","datePublished":"2019-06-05","dateModified":"2023-05-07","mainEntityOfPage":"https:\/\/www.minasgerais.cz\/jak-a-co-nakoupit-na-aliexpress\/","author":{"@type":"Person","@id":"https:\/\/www.minasgerais.cz\/author\/#Person","name":"","url":"https:\/\/www.minasgerais.cz\/author\/","identifier":1,"image":{"@type":"ImageObject","@id":"https:\/\/secure.gravatar.com\/avatar\/f3f77307dfb7a1a6ad06d8ef95ed6ed296a0507575d3814dc8c8630c3a7fa477?s=96&d=mm&r=g","url":"https:\/\/secure.gravatar.com\/avatar\/f3f77307dfb7a1a6ad06d8ef95ed6ed296a0507575d3814dc8c8630c3a7fa477?s=96&d=mm&r=g","height":96,"width":96}},"publisher":{"@type":"Organization","name":"minasgerais.cz","logo":{"@type":"ImageObject","@id":"\/logo.png","url":"\/logo.png","width":600,"height":60}},"image":{"@type":"ImageObject","@id":"https:\/\/www.minasgerais.cz\/wp-content\/uploads\/img_a347289_w2901_t1561540650.jpg","url":"https:\/\/www.minasgerais.cz\/wp-content\/uploads\/img_a347289_w2901_t1561540650.jpg","height":0,"width":0},"wordCount":514,"keywords":null},{"@type":"Article","@id":"https:\/\/www.minasgerais.cz\/jak-pouzivat-whatsapp-na-pocitaci-nebo-notebooku\/","headline":"Jak pou\u017e\u00edvat WhatsApp na po\u010d\u00edta\u010di nebo notebooku","url":"https:\/\/www.minasgerais.cz\/jak-pouzivat-whatsapp-na-pocitaci-nebo-notebooku\/","datePublished":"2019-06-03","dateModified":"2023-05-07","mainEntityOfPage":"https:\/\/www.minasgerais.cz\/jak-pouzivat-whatsapp-na-pocitaci-nebo-notebooku\/","author":{"@type":"Person","@id":"https:\/\/www.minasgerais.cz\/author\/#Person","name":"","url":"https:\/\/www.minasgerais.cz\/author\/","identifier":1,"image":{"@type":"ImageObject","@id":"https:\/\/secure.gravatar.com\/avatar\/f3f77307dfb7a1a6ad06d8ef95ed6ed296a0507575d3814dc8c8630c3a7fa477?s=96&d=mm&r=g","url":"https:\/\/secure.gravatar.com\/avatar\/f3f77307dfb7a1a6ad06d8ef95ed6ed296a0507575d3814dc8c8630c3a7fa477?s=96&d=mm&r=g","height":96,"width":96}},"publisher":{"@type":"Organization","name":"minasgerais.cz","logo":{"@type":"ImageObject","@id":"\/logo.png","url":"\/logo.png","width":600,"height":60}},"image":{"@type":"ImageObject","@id":"https:\/\/www.minasgerais.cz\/wp-content\/uploads\/img_a346945_w2901_t1561216121.jpg","url":"https:\/\/www.minasgerais.cz\/wp-content\/uploads\/img_a346945_w2901_t1561216121.jpg","height":0,"width":0},"wordCount":4556,"keywords":null},{"@type":"Article","@id":"https:\/\/www.minasgerais.cz\/i-muzi-maji-sve-dny\/","headline":"I mu\u017ei maj\u00ed sv\u00e9 dny","url":"https:\/\/www.minasgerais.cz\/i-muzi-maji-sve-dny\/","datePublished":"2019-05-16","dateModified":"2023-05-07","mainEntityOfPage":"https:\/\/www.minasgerais.cz\/i-muzi-maji-sve-dny\/","author":{"@type":"Person","@id":"https:\/\/www.minasgerais.cz\/author\/#Person","name":"","url":"https:\/\/www.minasgerais.cz\/author\/","identifier":1,"image":{"@type":"ImageObject","@id":"https:\/\/secure.gravatar.com\/avatar\/f3f77307dfb7a1a6ad06d8ef95ed6ed296a0507575d3814dc8c8630c3a7fa477?s=96&d=mm&r=g","url":"https:\/\/secure.gravatar.com\/avatar\/f3f77307dfb7a1a6ad06d8ef95ed6ed296a0507575d3814dc8c8630c3a7fa477?s=96&d=mm&r=g","height":96,"width":96}},"publisher":{"@type":"Organization","name":"minasgerais.cz","logo":{"@type":"ImageObject","@id":"\/logo.png","url":"\/logo.png","width":600,"height":60}},"image":{"@type":"ImageObject","@id":"https:\/\/www.minasgerais.cz\/wp-content\/uploads\/img_a344864_w2901_t1558640092.jpg","url":"https:\/\/www.minasgerais.cz\/wp-content\/uploads\/img_a344864_w2901_t1558640092.jpg","height":0,"width":0},"wordCount":532,"keywords":null}]},{"@context":"https:\/\/schema.org","@type":"WebSite","@id":"https:\/\/www.minasgerais.cz\/#website","name":"Minas gerais","url":"https:\/\/www.minasgerais.cz","potentialAction":{"@type":"SearchAction","target":"https:\/\/www.minasgerais.cz\/?s={search_term_string}","query-input":"required name=search_term_string"}}]