[{"@context":"https:\/\/schema.org\/","@type":"Blog","@id":"https:\/\/www.minasgerais.cz#Blog","headline":"Minas gerais","description":"\nNeexistuje web, na kter\u00e9m by se dalo naj\u00edt o n\u011bjak\u00e9m t\u00e9matu \u00fapln\u011b v\u0161echno. Ale my se na tom na\u0161em sna\u017e\u00edme, abyste tu na\u0161li p\u0159inejmen\u0161\u00edm maximum.","url":"https:\/\/www.minasgerais.cz","hasPart":[{"@type":"Article","@id":"https:\/\/www.minasgerais.cz\/registrace-do-katalogu-reklama-pro-kazdeho\/","headline":"Registrace do katalog\u016f, reklama pro ka\u017ed\u00e9ho","url":"https:\/\/www.minasgerais.cz\/registrace-do-katalogu-reklama-pro-kazdeho\/","datePublished":"2024-03-27","dateModified":"2024-03-27","mainEntityOfPage":"https:\/\/www.minasgerais.cz\/registrace-do-katalogu-reklama-pro-kazdeho\/","author":{"@type":"Person","@id":"https:\/\/www.minasgerais.cz\/author\/#Person","name":"","url":"https:\/\/www.minasgerais.cz\/author\/","identifier":1,"image":{"@type":"ImageObject","@id":"https:\/\/secure.gravatar.com\/avatar\/f3f77307dfb7a1a6ad06d8ef95ed6ed296a0507575d3814dc8c8630c3a7fa477?s=96&d=mm&r=g","url":"https:\/\/secure.gravatar.com\/avatar\/f3f77307dfb7a1a6ad06d8ef95ed6ed296a0507575d3814dc8c8630c3a7fa477?s=96&d=mm&r=g","height":96,"width":96}},"publisher":{"@type":"Organization","name":"minasgerais.cz","logo":{"@type":"ImageObject","@id":"\/logo.png","url":"\/logo.png","width":600,"height":60}},"image":null,"wordCount":274,"keywords":null},{"@type":"Article","@id":"https:\/\/www.minasgerais.cz\/boty-s-podpatkem\/","headline":"Boty s podpatkem","url":"https:\/\/www.minasgerais.cz\/boty-s-podpatkem\/","datePublished":"2024-02-14","dateModified":"2024-02-14","mainEntityOfPage":"https:\/\/www.minasgerais.cz\/boty-s-podpatkem\/","author":{"@type":"Person","@id":"https:\/\/www.minasgerais.cz\/author\/#Person","name":"","url":"https:\/\/www.minasgerais.cz\/author\/","identifier":1,"image":{"@type":"ImageObject","@id":"https:\/\/secure.gravatar.com\/avatar\/f3f77307dfb7a1a6ad06d8ef95ed6ed296a0507575d3814dc8c8630c3a7fa477?s=96&d=mm&r=g","url":"https:\/\/secure.gravatar.com\/avatar\/f3f77307dfb7a1a6ad06d8ef95ed6ed296a0507575d3814dc8c8630c3a7fa477?s=96&d=mm&r=g","height":96,"width":96}},"publisher":{"@type":"Organization","name":"minasgerais.cz","logo":{"@type":"ImageObject","@id":"\/logo.png","url":"\/logo.png","width":600,"height":60}},"image":{"@type":"ImageObject","@id":"https:\/\/www.minasgerais.cz\/wp-content\/uploads\/pexels-olga-divnaya-20483896.jpg","url":"https:\/\/www.minasgerais.cz\/wp-content\/uploads\/pexels-olga-divnaya-20483896.jpg","height":0,"width":0},"wordCount":567,"keywords":null},{"@type":"Article","@id":"https:\/\/www.minasgerais.cz\/bedny-a-jejich-vyuziti\/","headline":"Bedny a jejich vyu\u017eit\u00ed.","url":"https:\/\/www.minasgerais.cz\/bedny-a-jejich-vyuziti\/","datePublished":"2024-02-13","dateModified":"2024-02-13","mainEntityOfPage":"https:\/\/www.minasgerais.cz\/bedny-a-jejich-vyuziti\/","author":{"@type":"Person","@id":"https:\/\/www.minasgerais.cz\/author\/#Person","name":"","url":"https:\/\/www.minasgerais.cz\/author\/","identifier":1,"image":{"@type":"ImageObject","@id":"https:\/\/secure.gravatar.com\/avatar\/f3f77307dfb7a1a6ad06d8ef95ed6ed296a0507575d3814dc8c8630c3a7fa477?s=96&d=mm&r=g","url":"https:\/\/secure.gravatar.com\/avatar\/f3f77307dfb7a1a6ad06d8ef95ed6ed296a0507575d3814dc8c8630c3a7fa477?s=96&d=mm&r=g","height":96,"width":96}},"publisher":{"@type":"Organization","name":"minasgerais.cz","logo":{"@type":"ImageObject","@id":"\/logo.png","url":"\/logo.png","width":600,"height":60}},"image":{"@type":"ImageObject","@id":"https:\/\/www.minasgerais.cz\/wp-content\/uploads\/pexels-marina-m-8356210.jpg","url":"https:\/\/www.minasgerais.cz\/wp-content\/uploads\/pexels-marina-m-8356210.jpg","height":0,"width":0},"wordCount":609,"keywords":null},{"@type":"Article","@id":"https:\/\/www.minasgerais.cz\/kaminky-trpytivych-druhu\/","headline":"Kam\u00ednky, t\u0159pytiv\u00fdch druh\u016f","url":"https:\/\/www.minasgerais.cz\/kaminky-trpytivych-druhu\/","datePublished":"2024-02-02","dateModified":"2024-02-02","mainEntityOfPage":"https:\/\/www.minasgerais.cz\/kaminky-trpytivych-druhu\/","author":{"@type":"Person","@id":"https:\/\/www.minasgerais.cz\/author\/#Person","name":"","url":"https:\/\/www.minasgerais.cz\/author\/","identifier":1,"image":{"@type":"ImageObject","@id":"https:\/\/secure.gravatar.com\/avatar\/f3f77307dfb7a1a6ad06d8ef95ed6ed296a0507575d3814dc8c8630c3a7fa477?s=96&d=mm&r=g","url":"https:\/\/secure.gravatar.com\/avatar\/f3f77307dfb7a1a6ad06d8ef95ed6ed296a0507575d3814dc8c8630c3a7fa477?s=96&d=mm&r=g","height":96,"width":96}},"publisher":{"@type":"Organization","name":"minasgerais.cz","logo":{"@type":"ImageObject","@id":"\/logo.png","url":"\/logo.png","width":600,"height":60}},"image":null,"wordCount":209,"keywords":null},{"@type":"Article","@id":"https:\/\/www.minasgerais.cz\/diky-hudbe-bude-vse-mnohem-vetsi-zabava\/","headline":"D\u00edky hudb\u011b bude v\u0161e mnohem v\u011bt\u0161\u00ed z\u00e1bava","url":"https:\/\/www.minasgerais.cz\/diky-hudbe-bude-vse-mnohem-vetsi-zabava\/","datePublished":"2023-12-23","dateModified":"2023-12-23","mainEntityOfPage":"https:\/\/www.minasgerais.cz\/diky-hudbe-bude-vse-mnohem-vetsi-zabava\/","author":{"@type":"Person","@id":"https:\/\/www.minasgerais.cz\/author\/#Person","name":"","url":"https:\/\/www.minasgerais.cz\/author\/","identifier":1,"image":{"@type":"ImageObject","@id":"https:\/\/secure.gravatar.com\/avatar\/f3f77307dfb7a1a6ad06d8ef95ed6ed296a0507575d3814dc8c8630c3a7fa477?s=96&d=mm&r=g","url":"https:\/\/secure.gravatar.com\/avatar\/f3f77307dfb7a1a6ad06d8ef95ed6ed296a0507575d3814dc8c8630c3a7fa477?s=96&d=mm&r=g","height":96,"width":96}},"publisher":{"@type":"Organization","name":"minasgerais.cz","logo":{"@type":"ImageObject","@id":"\/logo.png","url":"\/logo.png","width":600,"height":60}},"image":null,"wordCount":299,"keywords":null},{"@type":"Article","@id":"https:\/\/www.minasgerais.cz\/folaxan-zkusenosti-by-si-mel-povinne-precist-kazdy-clovek-ktery-ma-rakovinu\/","headline":"Folaxan zku\u0161enosti by si m\u011bl povinn\u011b p\u0159e\u010d\u00edst ka\u017ed\u00fd \u010dlov\u011bk, kter\u00fd m\u00e1 rakovinu","url":"https:\/\/www.minasgerais.cz\/folaxan-zkusenosti-by-si-mel-povinne-precist-kazdy-clovek-ktery-ma-rakovinu\/","datePublished":"2023-11-17","dateModified":"2023-11-17","mainEntityOfPage":"https:\/\/www.minasgerais.cz\/folaxan-zkusenosti-by-si-mel-povinne-precist-kazdy-clovek-ktery-ma-rakovinu\/","author":{"@type":"Person","@id":"https:\/\/www.minasgerais.cz\/author\/#Person","name":"","url":"https:\/\/www.minasgerais.cz\/author\/","identifier":1,"image":{"@type":"ImageObject","@id":"https:\/\/secure.gravatar.com\/avatar\/f3f77307dfb7a1a6ad06d8ef95ed6ed296a0507575d3814dc8c8630c3a7fa477?s=96&d=mm&r=g","url":"https:\/\/secure.gravatar.com\/avatar\/f3f77307dfb7a1a6ad06d8ef95ed6ed296a0507575d3814dc8c8630c3a7fa477?s=96&d=mm&r=g","height":96,"width":96}},"publisher":{"@type":"Organization","name":"minasgerais.cz","logo":{"@type":"ImageObject","@id":"\/logo.png","url":"\/logo.png","width":600,"height":60}},"image":null,"wordCount":306,"keywords":null},{"@type":"Article","@id":"https:\/\/www.minasgerais.cz\/spolehlive-sluzby-od-autoskla-praha\/","headline":"Spolehliv\u00e9 slu\u017eby od autoskla praha","url":"https:\/\/www.minasgerais.cz\/spolehlive-sluzby-od-autoskla-praha\/","datePublished":"2023-10-12","dateModified":"2023-10-12","mainEntityOfPage":"https:\/\/www.minasgerais.cz\/spolehlive-sluzby-od-autoskla-praha\/","author":{"@type":"Person","@id":"https:\/\/www.minasgerais.cz\/author\/#Person","name":"","url":"https:\/\/www.minasgerais.cz\/author\/","identifier":1,"image":{"@type":"ImageObject","@id":"https:\/\/secure.gravatar.com\/avatar\/f3f77307dfb7a1a6ad06d8ef95ed6ed296a0507575d3814dc8c8630c3a7fa477?s=96&d=mm&r=g","url":"https:\/\/secure.gravatar.com\/avatar\/f3f77307dfb7a1a6ad06d8ef95ed6ed296a0507575d3814dc8c8630c3a7fa477?s=96&d=mm&r=g","height":96,"width":96}},"publisher":{"@type":"Organization","name":"minasgerais.cz","logo":{"@type":"ImageObject","@id":"\/logo.png","url":"\/logo.png","width":600,"height":60}},"image":null,"wordCount":287,"keywords":null},{"@type":"Article","@id":"https:\/\/www.minasgerais.cz\/krasne-save-a-zaroven-uzasne-prodysne\/","headline":"Kr\u00e1sn\u011b sav\u00e9 a z\u00e1rove\u0148 \u00fa\u017easn\u011b prody\u0161n\u00e9","url":"https:\/\/www.minasgerais.cz\/krasne-save-a-zaroven-uzasne-prodysne\/","datePublished":"2023-09-01","dateModified":"2023-09-01","mainEntityOfPage":"https:\/\/www.minasgerais.cz\/krasne-save-a-zaroven-uzasne-prodysne\/","author":{"@type":"Person","@id":"https:\/\/www.minasgerais.cz\/author\/#Person","name":"","url":"https:\/\/www.minasgerais.cz\/author\/","identifier":1,"image":{"@type":"ImageObject","@id":"https:\/\/secure.gravatar.com\/avatar\/f3f77307dfb7a1a6ad06d8ef95ed6ed296a0507575d3814dc8c8630c3a7fa477?s=96&d=mm&r=g","url":"https:\/\/secure.gravatar.com\/avatar\/f3f77307dfb7a1a6ad06d8ef95ed6ed296a0507575d3814dc8c8630c3a7fa477?s=96&d=mm&r=g","height":96,"width":96}},"publisher":{"@type":"Organization","name":"minasgerais.cz","logo":{"@type":"ImageObject","@id":"\/logo.png","url":"\/logo.png","width":600,"height":60}},"image":null,"wordCount":282,"keywords":null},{"@type":"Article","@id":"https:\/\/www.minasgerais.cz\/mladistvy-vzhled-i-v-duchodu\/","headline":"Mladistv\u00fd vzhled i v d\u016fchodu","url":"https:\/\/www.minasgerais.cz\/mladistvy-vzhled-i-v-duchodu\/","datePublished":"2023-07-27","dateModified":"2023-10-10","mainEntityOfPage":"https:\/\/www.minasgerais.cz\/mladistvy-vzhled-i-v-duchodu\/","author":{"@type":"Person","@id":"https:\/\/www.minasgerais.cz\/author\/#Person","name":"","url":"https:\/\/www.minasgerais.cz\/author\/","identifier":1,"image":{"@type":"ImageObject","@id":"https:\/\/secure.gravatar.com\/avatar\/f3f77307dfb7a1a6ad06d8ef95ed6ed296a0507575d3814dc8c8630c3a7fa477?s=96&d=mm&r=g","url":"https:\/\/secure.gravatar.com\/avatar\/f3f77307dfb7a1a6ad06d8ef95ed6ed296a0507575d3814dc8c8630c3a7fa477?s=96&d=mm&r=g","height":96,"width":96}},"publisher":{"@type":"Organization","name":"minasgerais.cz","logo":{"@type":"ImageObject","@id":"\/logo.png","url":"\/logo.png","width":600,"height":60}},"image":{"@type":"ImageObject","@id":"https:\/\/www.minasgerais.cz\/wp-content\/uploads\/pexels-correxiko-collagen-6475114_10_10_7.jpg","url":"https:\/\/www.minasgerais.cz\/wp-content\/uploads\/pexels-correxiko-collagen-6475114_10_10_7.jpg","height":0,"width":0},"wordCount":517,"keywords":null},{"@type":"Article","@id":"https:\/\/www.minasgerais.cz\/udelejte-si-radost\/","headline":"Ud\u011blejte si radost","url":"https:\/\/www.minasgerais.cz\/udelejte-si-radost\/","datePublished":"2023-07-26","dateModified":"2023-07-26","mainEntityOfPage":"https:\/\/www.minasgerais.cz\/udelejte-si-radost\/","author":{"@type":"Person","@id":"https:\/\/www.minasgerais.cz\/author\/#Person","name":"","url":"https:\/\/www.minasgerais.cz\/author\/","identifier":1,"image":{"@type":"ImageObject","@id":"https:\/\/secure.gravatar.com\/avatar\/f3f77307dfb7a1a6ad06d8ef95ed6ed296a0507575d3814dc8c8630c3a7fa477?s=96&d=mm&r=g","url":"https:\/\/secure.gravatar.com\/avatar\/f3f77307dfb7a1a6ad06d8ef95ed6ed296a0507575d3814dc8c8630c3a7fa477?s=96&d=mm&r=g","height":96,"width":96}},"publisher":{"@type":"Organization","name":"minasgerais.cz","logo":{"@type":"ImageObject","@id":"\/logo.png","url":"\/logo.png","width":600,"height":60}},"image":null,"wordCount":289,"keywords":null}]},{"@context":"https:\/\/schema.org","@type":"WebSite","@id":"https:\/\/www.minasgerais.cz\/#website","name":"Minas gerais","url":"https:\/\/www.minasgerais.cz","potentialAction":{"@type":"SearchAction","target":"https:\/\/www.minasgerais.cz\/?s={search_term_string}","query-input":"required name=search_term_string"}}]