[{"@context":"https:\/\/schema.org\/","@type":"Article","@id":"https:\/\/www.minasgerais.cz\/zarizujeme-se\/#Article","mainEntityOfPage":"https:\/\/www.minasgerais.cz\/zarizujeme-se\/","headline":"Za\u0159izujeme se","name":"Za\u0159izujeme se","description":"Mo\u017en\u00e1 si i ti star\u0161\u00ed vzpomenou, jak se kdysi za\u0159izovali. Tehdy za kom\u00e1r\u016f tak moc velk\u00fd v\u00fdb\u011br nebyl jako je tomu dnes. Na druhou stranu, [&hellip;]","datePublished":"2025-02-18","dateModified":"2025-02-18","author":{"@type":"Person","@id":"https:\/\/www.minasgerais.cz\/author\/#Person","name":"","url":"https:\/\/www.minasgerais.cz\/author\/","identifier":1,"image":{"@type":"ImageObject","@id":"https:\/\/secure.gravatar.com\/avatar\/f3f77307dfb7a1a6ad06d8ef95ed6ed296a0507575d3814dc8c8630c3a7fa477?s=96&d=mm&r=g","url":"https:\/\/secure.gravatar.com\/avatar\/f3f77307dfb7a1a6ad06d8ef95ed6ed296a0507575d3814dc8c8630c3a7fa477?s=96&d=mm&r=g","height":96,"width":96}},"publisher":{"@type":"Organization","name":"minasgerais.cz","logo":{"@type":"ImageObject","@id":"\/logo.png","url":"\/logo.png","width":600,"height":60}},"image":{"@type":"ImageObject","@id":"https:\/\/www.minasgerais.cz\/wp-content\/uploads\/towels-923505_640_10_7.jpg","url":"https:\/\/www.minasgerais.cz\/wp-content\/uploads\/towels-923505_640_10_7.jpg","height":0,"width":0},"url":"https:\/\/www.minasgerais.cz\/zarizujeme-se\/","about":["N\u00e1kupy"],"wordCount":439,"articleBody":"      Mo\u017en\u00e1 si i ti star\u0161\u00ed vzpomenou, jak se kdysi za\u0159izovali. Tehdy za kom\u00e1r\u016f tak moc velk\u00fd v\u00fdb\u011br nebyl jako je tomu dnes. Na druhou stranu, zase nebyl takov\u00fd probl\u00e9m. Pr\u00e1v\u011b ony sk\u0159\u00edn\u011b byly skoro v\u0161echny tvarov\u00e1n\u00edm stejn\u00e9, tak\u017ee se li\u0161ily jen pou\u017eit\u00fdm materi\u00e1lem a t\u00edm, zda byly lakovan\u00e9 nebo nebyly. Dne\u0161n\u00ed sortiment je n\u011bkde zcela \u00fapln\u011b jinde. Li\u0161\u00ed se tvarem, barvou, cenou nebo celkov\u00fdm dojmem. Proto je skute\u010dn\u011b z \u010deho vyb\u00edrat, a\u0165 u\u017e je v\u00e1\u0161 vkus jak\u00fdkoli. M\u016f\u017eete m\u00edt n\u00e1bytek sv\u011btl\u00fd nebo tmav\u00fd, leskl\u00fd nebo matn\u00fd, prost\u011b to, co se v\u00e1m v\u00edce l\u00edb\u00ed a na co budete koukat  https:\/\/www.databazeknih.cz\/knihy\/koukat-v-davu-po-holkach-100887 asi cel\u00fd zbytek \u017eivota.Je proto nutn\u00e9 vyb\u00edrat velmi pe\u010dliv\u011b, proto\u017ee to nem\u016f\u017eete vym\u011bnit jako pono\u017eku zde dne na den. Tak\u017ee mlad\u00ed docela jist\u011b pob\u00edhaj\u00ed po nov\u00e9m byt\u011b s metrem v ruce a po\u010d\u00edtaj\u00ed kam co d\u00e1t tak, aby jim to vy\u0161lo a aby to tak\u00e9 ov\u0161em vypadalo. A to nen\u00ed zrovna jednoduch\u00e1 z\u00e1le\u017eitost, kdy\u017e vy to chcete m\u00edt tak a tak, ale zase v\u00e1m tam nevejde no\u010dn\u00ed stolek, nebo sk\u0159\u00edn\u011b. A to jsme teprve v lo\u017enici, co pak bude v ob\u00fdv\u00e1ku nebo v kuchyni? Nu, pokud u\u017e m\u00e1te z\u00e1klad, je na\u010dase dozv\u011bd\u011bt se n\u011bco o na\u0161em n\u00e1bytku na m\u00edru, nebo tak\u00e9 n\u011bco o tom vestav\u011bn\u00e9m. Pokud v\u016fbec nev\u00edte, o \u010dem je \u0159e\u010d, m\u016f\u017eete se pod\u00edvat na na\u0161e webov\u00e9 str\u00e1nky. Velmi zjednodu\u0161en\u011b lze \u0159\u00edci to, \u017ee v\u00e1m vyrob\u00edme n\u00e1bytek na zak\u00e1zku, kter\u00fd v\u00e1m prost\u011b u\u0161ijeme p\u0159esn\u011b na v\u00e1mi po\u017eadovanou m\u00edru. Materi\u00e1l samoz\u0159ejm\u011b pou\u017eijeme takov\u00fd, jak\u00fd se bude l\u00edbit v\u00e1m a sami si ho tak\u00e9 zvol\u00edte. Nu a vestav\u011bn\u00fd n\u00e1bytek je takov\u00fd kter\u00fd nevy\u010duhuje nikam do prostoru. A oba druhy plus samoz\u0159ejm\u011b dal\u0161\u00ed dostanete u n\u00e1s v e-shopu. Pochopiteln\u011b v\u00e1m hotov\u00e9 v\u00fdrobky tak\u00e9 r\u00e1di sami p\u0159ivezeme. M\u00e1te-li z\u00e1jem o na\u0161e slu\u017eby, napi\u0161te n\u00e1m Sten-skrine.cz, nebo tak\u00e9 m\u016f\u017eete kliknout p\u0159\u00edmo zde v tomto \u010dl\u00e1nku na odkaz a ten v\u00e1s tak\u00e9 p\u0159enese k n\u00e1m, na na\u0161e webov\u00e9 str\u00e1nky, kter\u00e9 jsou v\u00e1m kdykoli k dispozici.                                                                                                                                                                                                                                                                                                                                                                                           4.5\/5 - (6 votes)        "},{"@context":"https:\/\/schema.org\/","@type":"BreadcrumbList","itemListElement":[{"@type":"ListItem","position":1,"name":"Za\u0159izujeme se","item":"https:\/\/www.minasgerais.cz\/zarizujeme-se\/#breadcrumbitem"}]}]